{"id":476,"date":"2025-04-22T11:31:54","date_gmt":"2025-04-22T09:31:54","guid":{"rendered":"https:\/\/stadtkapelle-illertissen.de\/?p=476"},"modified":"2025-04-22T11:31:54","modified_gmt":"2025-04-22T09:31:54","slug":"stadtkapelle-begeistert-mit-urauffuehrung","status":"publish","type":"post","link":"https:\/\/stadtkapelle-illertissen.de\/?p=476","title":{"rendered":"Stadtkapelle begeistert mit Urauff\u00fchrung"},"content":{"rendered":"\n<p>Denkw\u00fcrdiges Konzert zeigt, dass die Stadtkapelle Illertissen in ihrem Jubil\u00e4umsjahr bestens auf die kommenden Wettbewerbe vorbereitet ist.<\/p>\n\n\n\n<figure class=\"wp-block-image size-full\"><img loading=\"lazy\" decoding=\"async\" width=\"1025\" height=\"507\" src=\"http:\/\/217.154.211.222:8080\/wp-content\/uploads\/2025\/04\/image.png\" alt=\"\" class=\"wp-image-477\" srcset=\"https:\/\/stadtkapelle-illertissen.de\/wp-content\/uploads\/2025\/04\/image.png 1025w, https:\/\/stadtkapelle-illertissen.de\/wp-content\/uploads\/2025\/04\/image-300x148.png 300w, https:\/\/stadtkapelle-illertissen.de\/wp-content\/uploads\/2025\/04\/image-768x380.png 768w\" sizes=\"auto, (max-width: 1025px) 100vw, 1025px\" \/><\/figure>\n\n\n\n<p>F\u00fcr die Stadtkapelle Illertissen war es das 60. Osterkonzert, f\u00fcr Dirigent David Sch\u00f6pf das zweite. Zum Jubil\u00e4um \u201e150 Jahre Stadtkapelle\u201c hatte er das Programm unter das Motto \u201eIllumination\u201c gestellt und er wollte damit dem \u00e4u\u00dferst zahlreichen Publikum \u201eeine Erfahrung und Erinnerung schenken, die lange im Herz und Ged\u00e4chtnis bleibt\u201c. Und genau das gelang ihm vom ersten bis zum letzten Takt.<\/p>\n\n\n\n<p>Der Komponist David Maslanka f\u00fchrt mit dem Titel \u201eIllumination\u201c in die reichhaltige Klangwelt der US-Universit\u00e4tsmusik. Xylophone und R\u00f6hrenglocken, gefolgt vom vollen Orchesterklang, begeisterten als grandiose Er\u00f6ffnung. In \u201eLake of the Moon\u201c beschreibt der Belgier Kevin Houben den langen Weg der Azteken, die schlie\u00dflich ihre neue Heimat im heutigen Mexiko finden. So abwechslungsreich wie spannend schildert das Blasorchester in seiner eindrucksvollen Vielfalt diese Reise, dass sich die Stadtkapelle mit diesem Werk als Selbstwahlst\u00fcck in wenigen Wochen beim Wertungsspiel am Deutschen Musikfest in Neu-Ulm mit bestem Gewissen h\u00f6ren und sehen lassen darf.<\/p>\n\n\n\n<p>Das Hauptwerk des Abends \u201ePraise Jerusalem\u201c basiert auf einem armenischen Osterhymnus aus dem 7. Jahrhundert und es ist \u00fcber die kompositorische Qualit\u00e4t alles gesagt, wenn man feststellt, dass es das Hauptwerk von Alfred Reed, der als gr\u00f6\u00dften Meister der sinfonischen Blasmusik gilt, darstellt. Er sch\u00f6pft jede Klangfarbe des Blasorchesters aus und l\u00e4sst Holz- und Blechbl\u00e4ser sowie das Schlagwerk pr\u00e4chtig erstrahlen. Je eine Solokadenz mit Dominique Desef, Klarinette, und Teresa Lambacher, Fl\u00f6te, lie\u00df festliche Glanzlichter aufblitzen. Ein \u00fcberw\u00e4ltigender Schluss, bei dem der feierliche Klang eines zus\u00e4tzlichen sechsstimmigen Blechbl\u00e4sersatzes von der r\u00fcckw\u00e4rtigen Trib\u00fcne der<br>Halle her mit dem Blasorchesterklang verschmilzt, gilt nicht nur in der Fachwelt als eine der eindrucksvollsten Schlusspassagen der gesamten Blasorchesterliteratur.<\/p>\n\n\n\n<p>Nach der Pause pr\u00e4sentierte David Sch\u00f6pf das Pflichtst\u00fcck f\u00fcr das Deutsche Musikfest: Der Komponist Robert Jager, in den Weltspitzen-Orchestern der US-Army zu Hause, l\u00e4sst das Publikum nur noch staunen: Zum einen \u00fcber die dynamische Vielfalt, besonders aber \u00fcber extrem vertrackte<br>Rhythmen, mit denen ein sinfonisches Blasorchester alles zeigen kann, was es an Kunstfertigkeit beherrscht. Moderator Oliver Stahl, der sympathisch wie fachlich perfekt durch das Programm f\u00fchrte, warnte, man m\u00f6ge nicht versuchen, die vielf\u00e4ltigen Taktwechsel mitzuz\u00e4hlen, und er hatte recht. Au\u00dfer David Sch\u00f6pf und seinen Musikerinnen und Musikern h\u00e4tte das ohnehin niemand geschafft. Auch damit kann die Stadtkapelle<br>dem Wertungsspiel beruhigt entgegensehen, wenn auch dort \u2013 und das ist ja zu erwarten \u2013 auch so voll konzentriert wie hier musiziert wird.<\/p>\n\n\n\n<p>David Sch\u00f6pfs \u201eZauberstab\u201c, wie Oliver Stahl den Taktstock nannte, f\u00fchrte nun in die vielfarbige Welt des Musicals, wo die \u201eSongs of the Wizz\u201c mit famosen Schlagzeugsoli, an Zirkusmusik erinnernden Kl\u00e4ngen im Tutti und Dixieland-Effekten der Trompeten Unterhaltungsmusik vom Feinsten<br>boten. Dann gab es eine echte Urauff\u00fchrung: Die Melodien aus dem Schweizer Film vom \u201eD\u00e4llebach Kari\u201c, der sein Leben lang wegen einer Behinderung gemobbt wurde, gab es bisher nur in einer Fassung f\u00fcr Brass Band, also Blechbl\u00e4serbesetzung. Der Schweizer Arrangeur Corsin Tuor,<br>k\u00fcnstlerischer Leiter der \u201e3BA Bayerische Brass Band Akademie\u201c, in der David Sch\u00f6pf als qualifizierter Kornettist mitwirkt, schuf eigens f\u00fcr die Stadtkapelle Illertissen eine Fassung f\u00fcr sinfonisches Blasorchester. Die Ballade \u00fcber die Sehnsucht nach Anerkennung und Freiheit des armen \u201eKari\u201c erklang so erstmals auf der Konzertb\u00fchne. Dem gro\u00dfartigen Erfolg der Urauff\u00fchrung nach zu schlie\u00dfen, wird dieses Werk bald in den Programmen der renommiertesten Blasorchester erscheinen.<\/p>\n\n\n\n<p>Die Suite aus der Filmmusik zum \u201eGreatest Showman\u201c bot einen umjubelten Abschluss des Konzerts, sodass David Sch\u00f6pf als Dank an das anhaltend applaudierende Publikum die Tradition fortsetzte, dass das Osterkonzert mit einem Marsch als Zugabe beendet wird. Michael Geisler, Leiter der Polizeimusik Tirol, schuf 2017 den Konzertmarsch \u201eSempre Unita\u201c, mit dem er die V\u00f6lker Europas aufruft, \u201eimmer vereint\u201c zu sein und mit diesem klingenden Osterwunsch ging ein denkw\u00fcrdiges Konzert zu Ende.<\/p>\n","protected":false},"excerpt":{"rendered":"<p>Denkw\u00fcrdiges Konzert zeigt, dass die Stadtkapelle Illertissen in ihrem Jubil\u00e4umsjahr bestens auf die kommenden Wettbewerbe vorbereitet ist. F\u00fcr die Stadtkapelle Illertissen war es das 60. Osterkonzert, f\u00fcr Dirigent David Sch\u00f6pf das zweite. Zum Jubil\u00e4um \u201e150 Jahre Stadtkapelle\u201c hatte er das Programm unter das Motto \u201eIllumination\u201c gestellt und er wollte damit dem \u00e4u\u00dferst zahlreichen Publikum \u201eeine [&hellip;]<\/p>\n","protected":false},"author":1,"featured_media":0,"comment_status":"open","ping_status":"open","sticky":false,"template":"","format":"standard","meta":{"site-sidebar-layout":"default","site-content-layout":"","ast-site-content-layout":"default","site-content-style":"default","site-sidebar-style":"default","ast-global-header-display":"","ast-banner-title-visibility":"","ast-main-header-display":"","ast-hfb-above-header-display":"","ast-hfb-below-header-display":"","ast-hfb-mobile-header-display":"","site-post-title":"","ast-breadcrumbs-content":"","ast-featured-img":"","footer-sml-layout":"","ast-disable-related-posts":"","theme-transparent-header-meta":"","adv-header-id-meta":"","stick-header-meta":"","header-above-stick-meta":"","header-main-stick-meta":"","header-below-stick-meta":"","astra-migrate-meta-layouts":"default","ast-page-background-enabled":"default","ast-page-background-meta":{"desktop":{"background-color":"var(--ast-global-color-5)","background-image":"","background-repeat":"repeat","background-position":"center center","background-size":"auto","background-attachment":"scroll","background-type":"","background-media":"","overlay-type":"","overlay-color":"","overlay-opacity":"","overlay-gradient":""},"tablet":{"background-color":"","background-image":"","background-repeat":"repeat","background-position":"center center","background-size":"auto","background-attachment":"scroll","background-type":"","background-media":"","overlay-type":"","overlay-color":"","overlay-opacity":"","overlay-gradient":""},"mobile":{"background-color":"","background-image":"","background-repeat":"repeat","background-position":"center center","background-size":"auto","background-attachment":"scroll","background-type":"","background-media":"","overlay-type":"","overlay-color":"","overlay-opacity":"","overlay-gradient":""}},"ast-content-background-meta":{"desktop":{"background-color":"var(--ast-global-color-4)","background-image":"","background-repeat":"repeat","background-position":"center center","background-size":"auto","background-attachment":"scroll","background-type":"","background-media":"","overlay-type":"","overlay-color":"","overlay-opacity":"","overlay-gradient":""},"tablet":{"background-color":"var(--ast-global-color-4)","background-image":"","background-repeat":"repeat","background-position":"center center","background-size":"auto","background-attachment":"scroll","background-type":"","background-media":"","overlay-type":"","overlay-color":"","overlay-opacity":"","overlay-gradient":""},"mobile":{"background-color":"var(--ast-global-color-4)","background-image":"","background-repeat":"repeat","background-position":"center center","background-size":"auto","background-attachment":"scroll","background-type":"","background-media":"","overlay-type":"","overlay-color":"","overlay-opacity":"","overlay-gradient":""}},"footnotes":""},"categories":[1],"tags":[],"class_list":["post-476","post","type-post","status-publish","format-standard","hentry","category-allgemein"],"_links":{"self":[{"href":"https:\/\/stadtkapelle-illertissen.de\/index.php?rest_route=\/wp\/v2\/posts\/476","targetHints":{"allow":["GET"]}}],"collection":[{"href":"https:\/\/stadtkapelle-illertissen.de\/index.php?rest_route=\/wp\/v2\/posts"}],"about":[{"href":"https:\/\/stadtkapelle-illertissen.de\/index.php?rest_route=\/wp\/v2\/types\/post"}],"author":[{"embeddable":true,"href":"https:\/\/stadtkapelle-illertissen.de\/index.php?rest_route=\/wp\/v2\/users\/1"}],"replies":[{"embeddable":true,"href":"https:\/\/stadtkapelle-illertissen.de\/index.php?rest_route=%2Fwp%2Fv2%2Fcomments&post=476"}],"version-history":[{"count":0,"href":"https:\/\/stadtkapelle-illertissen.de\/index.php?rest_route=\/wp\/v2\/posts\/476\/revisions"}],"wp:attachment":[{"href":"https:\/\/stadtkapelle-illertissen.de\/index.php?rest_route=%2Fwp%2Fv2%2Fmedia&parent=476"}],"wp:term":[{"taxonomy":"category","embeddable":true,"href":"https:\/\/stadtkapelle-illertissen.de\/index.php?rest_route=%2Fwp%2Fv2%2Fcategories&post=476"},{"taxonomy":"post_tag","embeddable":true,"href":"https:\/\/stadtkapelle-illertissen.de\/index.php?rest_route=%2Fwp%2Fv2%2Ftags&post=476"}],"curies":[{"name":"wp","href":"https:\/\/api.w.org\/{rel}","templated":true}]}}