{"id":486,"date":"2025-04-28T11:06:20","date_gmt":"2025-04-28T09:06:20","guid":{"rendered":"https:\/\/stadtkapelle-illertissen.de\/?p=486"},"modified":"2025-04-28T11:06:20","modified_gmt":"2025-04-28T09:06:20","slug":"in-illertissen-gibt-seit-1875-blasmusik-den-ton-an","status":"publish","type":"post","link":"https:\/\/stadtkapelle-illertissen.de\/?p=486","title":{"rendered":"In Illertissen gibt seit 1875 Blasmusik den Ton an"},"content":{"rendered":"\n<p>Seit 150 Jahren bereichert die Stadtkapelle Illertissen das kulturelle Leben der V\u00f6hlinstadt. Bei einem Festakt in der Historischen Schranne wurde das nun ausgiebig gew\u00fcrdigt.<\/p>\n\n\n\n<p>Seit 1875 ist es urkundlich nachweisbar, dass Illertissen bei frohen und traurigen Anl\u00e4ssen auf die Begleitung von Blasmusik z\u00e4hlen konnte. Aus dem Musikverein wurde 1890 eine Musikgesellschaft Illertissen und mit der Stadterhebung des Marktes 1954 stieg diese zur Stadtkapelle auf. Als solche ist sie aus dem Kulturleben der V\u00f6hlinstadt nicht mehr wegdenken. Dies war den Reden beim Festakt anl\u00e4sslich ihres 150-j\u00e4hrigen Jubil\u00e4ums Freitagabend zu entnehmen. Am Samstag ging es weiter mit Wertungsspielen und Party f\u00fcr alle.<\/p>\n\n\n\n<p>Zu ihrem hohen Geburtstag hatten die 50 aktiv Mitwirkenden der Stadtkapelle 70 G\u00e4ste in die Historische Schranne in Illertissen geladen. Unter anderem war Franz Pschierer, Pr\u00e4sident des Allg\u00e4u-Schw\u00e4bischen Musikbundes gekommen, aber auch Ehrendirigent Rudi B\u00f6hm sowie der ehemalige Dirigent Magnus Blank. Durchs Programm f\u00fchrten abwechselnd Martina Schlosser und Birgit Kundela vom Vorstandsteam, dem noch Benjamin Desef und Anita Schlager angeh\u00f6ren.<\/p>\n\n\n\n<p>Die beiden Moderatorinnen verwiesen auf wechselvolle Jahre der Stadtkapelle. Best\u00e4ndig geblieben seien aber ihre Werte, die sie verb\u00e4nden: \u201eGemeinschaft, Tradition und Zusammengeh\u00f6rigkeit sind die S\u00e4ulen unseres Vereins.\u201c Ansprachen und R\u00fcckblick von Willi Schmid \u00fcber die vergangenen 25 Jahre der Stadtkapelle Illertissen wechselten ab mit erfrischenden Musikbeitr\u00e4gen aus eigenen Reihen.<\/p>\n\n\n\n<p>Es spielten das Posaunenquartett (Markus Miller, Benjamin Desef, Moritz Hander, Johannes Schlosser) teils mit Schlagzeuger Manuel Gira, das Volksmusikquintett (Martina Schlosser, Birgit Kundela, Max Hornauer, Lydia Hollweck, Valentino Aletor) sowie das Blechquartett (Manuela Hartmann, Florian Schmid, Daniela Holl, Gabriela Frank) und Fl\u00f6tenduo mit Julia Gschwind und Teresa Lambacher.<\/p>\n\n\n\n<p>Angesichts der gebotenen Musikvielfalt konnte B\u00fcrgermeister J\u00fcrgen Eisen nicht umhin zu bedauern, dass er selbst kein Instrument gelernt habe. Umso mehr wusste er die Stadtkapelle als Illertisser Institution zu w\u00fcrdigen, die auf hohem Niveau Unterhaltung b\u00f6te und das Gesellschaftsleben kulturell bereichere: \u201eOhne Osterkonzert, Altstadtfest, Fronleichnamsprozession oder die repr\u00e4sentativen Auftritte in Elbogen und Carnac w\u00fcrde Illertissen etwas fehlen.\u201c Stellvertretend f\u00fcr Landr\u00e4tin Eva Treu war Susanne Salzmann gekommen. Sie erinnerte daran, dass Musik Jung und Alt verbinde. Die Stadtkapelle bezeichnete sie als Erfolgsgeschichte. In einer schnelllebigen Zeit brauche es solche Orte: \u201eEs wird nicht nur musikalische Bildung gelebt, sondern Teamgeist und Verantwortung.\u201c<\/p>\n\n\n\n<p>ASM-Pr\u00e4sident Franz Pschierer betonte, dass die Stadtkapelle zwei Weltkriege und zwei Inflationen \u00fcberstanden habe und sich in ihren Werten dabei treu geblieben sei. Sie sei der Gegenentwurf zu einer egoistischen Gesellschaft: \u201eNicht das Ich wird gro\u00dfgeschrieben, sondern das Wir.\u201c<\/p>\n\n\n\n<p>Zuletzt brachte Markus Briglmeir, Vorsitzender des ASM-Bezirks VIII, die W\u00fcrdigungen auf den Punkt: \u201eDie Stadtkapelle Illertissen ist seit Jahrzehnten einer der Grundpfeiler unseres Musikbezirks.\u201c Sicher habe es in dieser langen Zeit H\u00f6hen und Tiefen, Dur und Moll gegeben. 2025 werde auf jeden Fall in einem fr\u00f6hlichen, kr\u00e4ftigen Dur gespielt, zeigte sich Briglmeir sicher.<\/p>\n\n\n\n<p>Willi Schmid startete seine Chronikr\u00fcckschau \u2013 mit Heribert Wiest und beiden Vorsitzenden verfasst \u2013 in der Jahrtausendwende 1999\/2000, welche f\u00fcr die Stadtkapelle eine Z\u00e4sur darstellte: Da fand die Stab-\u00dcbergabe von Rudi B\u00f6hm an Magnus Blank statt. Unter neuer Regie hie\u00df es, die 125-Jahrfeier der Kapelle in Verbindung mit dem 30. Bezirksmusikfest zu veranstalten.<\/p>\n\n\n\n<p>2006 stand die Stadtkapelle zum Staatsempfang von Papst Benedikt XVI. am M\u00fcnchner Flughafen bereit. 2008 war das Jahr besonderer Erfolge: etwa mit dem Titel des Bayerischen Vizemeisters beim Oberstufenwettbewerb, einer Welturauff\u00fchrung mit Carillon im Kirchturm und Stadtkapelle im Brunnenhof sowie \u201eIllertissen in Concert\u201c als Gemeinschaftsveranstaltung mit allen Illertisser Ch\u00f6ren.<\/p>\n\n\n\n<p>2013\/14 dann der Dirigentenwechsel zu Franco H\u00e4nle und das Adventskonzert mit stellvertretendem Dirigenten Wolfgang Gira. Beim 50. Osterkonzert 2014 spielten immer noch die Urgesteine Gerald Kolitsch, Rudi B\u00f6hm, Heribert Wiest, Ernst Strang mit. 2015 gab es ein Paradekonzert in Ulm, und 2016 war die Mannheimer Bl\u00e4serphilharmonie beim Osterkonzert zu Gast. 2017 \u00fcbernahm Stefan Tark\u00f6vi die musikalische Leitung.<\/p>\n\n\n\n<p>2020 musste wegen der Coronapandemie das Altstadtfest abgesagt werden, sodass schon bestellte Vorr\u00e4te als Mahlzeiten \u201eto go\u201c verkauft wurden. 2022 nahm die Stadtkapelle den gewohnten Jahreskreislauf wieder auf. Beim Osterkonzert 2023 verabschiedete sich neben Dirigent Stefan Tark\u00f6vi auch Willi Schmid nach fast 40 Jahren als Moderator.<\/p>\n\n\n\n<p>2024 gab David Sch\u00f6pf sein Deb\u00fct, erstmals fand eine Serenade in den Museumsg\u00e4rten auf der Jungviehweide statt. Und 2025 startete die Stadtkapelle mit ihrem 60. Osterkonzert ins Jubil\u00e4umsjahr ihrer 150-j\u00e4hrigen Blasmusiktradition.<\/p>\n","protected":false},"excerpt":{"rendered":"<p>Seit 150 Jahren bereichert die Stadtkapelle Illertissen das kulturelle Leben der V\u00f6hlinstadt. Bei einem Festakt in der Historischen Schranne wurde das nun ausgiebig gew\u00fcrdigt. Seit 1875 ist es urkundlich nachweisbar, dass Illertissen bei frohen und traurigen Anl\u00e4ssen auf die Begleitung von Blasmusik z\u00e4hlen konnte. Aus dem Musikverein wurde 1890 eine Musikgesellschaft Illertissen und mit der [&hellip;]<\/p>\n","protected":false},"author":1,"featured_media":0,"comment_status":"open","ping_status":"open","sticky":false,"template":"","format":"standard","meta":{"site-sidebar-layout":"default","site-content-layout":"","ast-site-content-layout":"default","site-content-style":"default","site-sidebar-style":"default","ast-global-header-display":"","ast-banner-title-visibility":"","ast-main-header-display":"","ast-hfb-above-header-display":"","ast-hfb-below-header-display":"","ast-hfb-mobile-header-display":"","site-post-title":"","ast-breadcrumbs-content":"","ast-featured-img":"","footer-sml-layout":"","ast-disable-related-posts":"","theme-transparent-header-meta":"","adv-header-id-meta":"","stick-header-meta":"","header-above-stick-meta":"","header-main-stick-meta":"","header-below-stick-meta":"","astra-migrate-meta-layouts":"default","ast-page-background-enabled":"default","ast-page-background-meta":{"desktop":{"background-color":"var(--ast-global-color-5)","background-image":"","background-repeat":"repeat","background-position":"center center","background-size":"auto","background-attachment":"scroll","background-type":"","background-media":"","overlay-type":"","overlay-color":"","overlay-opacity":"","overlay-gradient":""},"tablet":{"background-color":"","background-image":"","background-repeat":"repeat","background-position":"center center","background-size":"auto","background-attachment":"scroll","background-type":"","background-media":"","overlay-type":"","overlay-color":"","overlay-opacity":"","overlay-gradient":""},"mobile":{"background-color":"","background-image":"","background-repeat":"repeat","background-position":"center center","background-size":"auto","background-attachment":"scroll","background-type":"","background-media":"","overlay-type":"","overlay-color":"","overlay-opacity":"","overlay-gradient":""}},"ast-content-background-meta":{"desktop":{"background-color":"var(--ast-global-color-4)","background-image":"","background-repeat":"repeat","background-position":"center center","background-size":"auto","background-attachment":"scroll","background-type":"","background-media":"","overlay-type":"","overlay-color":"","overlay-opacity":"","overlay-gradient":""},"tablet":{"background-color":"var(--ast-global-color-4)","background-image":"","background-repeat":"repeat","background-position":"center center","background-size":"auto","background-attachment":"scroll","background-type":"","background-media":"","overlay-type":"","overlay-color":"","overlay-opacity":"","overlay-gradient":""},"mobile":{"background-color":"var(--ast-global-color-4)","background-image":"","background-repeat":"repeat","background-position":"center center","background-size":"auto","background-attachment":"scroll","background-type":"","background-media":"","overlay-type":"","overlay-color":"","overlay-opacity":"","overlay-gradient":""}},"footnotes":""},"categories":[1],"tags":[],"class_list":["post-486","post","type-post","status-publish","format-standard","hentry","category-allgemein"],"_links":{"self":[{"href":"https:\/\/stadtkapelle-illertissen.de\/index.php?rest_route=\/wp\/v2\/posts\/486","targetHints":{"allow":["GET"]}}],"collection":[{"href":"https:\/\/stadtkapelle-illertissen.de\/index.php?rest_route=\/wp\/v2\/posts"}],"about":[{"href":"https:\/\/stadtkapelle-illertissen.de\/index.php?rest_route=\/wp\/v2\/types\/post"}],"author":[{"embeddable":true,"href":"https:\/\/stadtkapelle-illertissen.de\/index.php?rest_route=\/wp\/v2\/users\/1"}],"replies":[{"embeddable":true,"href":"https:\/\/stadtkapelle-illertissen.de\/index.php?rest_route=%2Fwp%2Fv2%2Fcomments&post=486"}],"version-history":[{"count":0,"href":"https:\/\/stadtkapelle-illertissen.de\/index.php?rest_route=\/wp\/v2\/posts\/486\/revisions"}],"wp:attachment":[{"href":"https:\/\/stadtkapelle-illertissen.de\/index.php?rest_route=%2Fwp%2Fv2%2Fmedia&parent=486"}],"wp:term":[{"taxonomy":"category","embeddable":true,"href":"https:\/\/stadtkapelle-illertissen.de\/index.php?rest_route=%2Fwp%2Fv2%2Fcategories&post=486"},{"taxonomy":"post_tag","embeddable":true,"href":"https:\/\/stadtkapelle-illertissen.de\/index.php?rest_route=%2Fwp%2Fv2%2Ftags&post=486"}],"curies":[{"name":"wp","href":"https:\/\/api.w.org\/{rel}","templated":true}]}}