{"id":500,"date":"2025-09-30T16:55:51","date_gmt":"2025-09-30T14:55:51","guid":{"rendered":"https:\/\/stadtkapelle-illertissen.de\/?p=500"},"modified":"2025-09-30T16:55:51","modified_gmt":"2025-09-30T14:55:51","slug":"serenade-2025","status":"publish","type":"post","link":"https:\/\/stadtkapelle-illertissen.de\/?p=500","title":{"rendered":"Serenade 2025"},"content":{"rendered":"\n<p>Ein \u201efamilien- und kinderfreundliches Programm\u201c bietet die Stadtkapelle Illertissen mit einer &#8222;Serenade&#8220; am \u201eKirchweihsonntag\u201c, dem 19. Oktober, um 15 Uhr auf dem Schrannenplatz hinter dem Rathaus. Dirigent David Sch\u00f6pf und sein Orchester wollen damit pr\u00e4sentieren, dass sie f\u00fcr jede Altersgruppe Programm im Gep\u00e4ck haben und dass jegliche Stilrichtung f\u00fcr die Stadtkapelle kein Problem ist. Der \u00e4u\u00dfere Rahmen des Auftritts ist bestens dazu geeignet, h\u00f6ren und sehen zu lassen, dass die Stadtkapelle auch au\u00dferhalb des Konzertsaals Musik macht, die einfach allen gef\u00e4llt. F\u00fcr das Publikum werden B\u00e4nke aufgestellt; wer es bequemer haben will, kann gerne auch selbst Gartenst\u00fchle oder andere Sitzgelegenheiten selbst mitbringen. Es werden verschiedene Getr\u00e4nke zum Verkauf angeboten, und der Eintritt ist frei. David Sch\u00f6pf er\u00f6ffnet die Programmfolge mit dem brillanten und dynamischen Werk \u201eColumbus\u201c, das Eindr\u00fccke aus dem gleichnamigen europ\u00e4ischen Weltraumlabor auf der Internationalen Raumstation ISS schildert. Es folgen die unvergesslichen romantischen Melodien aus dem Film \u201eDie Sch\u00f6ne und das Biest\u201c sowie ein Klangbild aus dem Film \u201eBraveheart\u201c. Danach geht es endg\u00fcltig in das reichhaltige Repertoire der popul\u00e4ren Unterhaltungsmusik: Der \u201eColonel Bogey March\u201c, aus dem ber\u00fchmten Film \u201eDie Br\u00fccke am Kwai\u201c und deshalb auch einfach als \u201eRiver-Kwai-Marsch\u201c bekannt, er\u00f6ffnet diesen Programmteil. Dazu geh\u00f6ren anschlie\u00dfend die gro\u00dfartigen Melodien aus der Film \u201eK\u00f6nig der L\u00f6wen\u201c und die Top-Hits der britischen S\u00e4ngerin Adele, die im Gegensatz zu deren Auftritten vor Massenpublikum in eigens erbauter Arena hier v\u00f6llig kostenlos und in angenehmer Umgebung zu h\u00f6ren sind. Der traditionelle Konzertmarsch \u201eEdler Magellan\u201c demonstriert die Vielseitigkeit der aktuellen Marschmusik, die so gar nichts mehr von krachendem \u201eLinks-Zwo-Drei-Vier\u201c an sich hat und zu den Perlen im Marsch-Notenbuch einer zeitgem\u00e4\u00dfen Musikkapelle z\u00e4hlt. Dann darf nat\u00fcrlich auch die charmante und t\u00e4nzerische Polkamusik nicht fehlen: \u201eKaiserwetter\u201c aus den neuesten \u201eHits\u201c der \u201eKaisermusikanten\u201c und \u201eEwig Blasmusik\u201c, ein aktueller Polka-Schlager von den beliebten \u201eFegerl\u00e4ndern\u201c erinnern an die b\u00f6hmische Blasmusik und zeigen auf, wie traditionsbewusst und doch auch innovativ zeitgen\u00f6ssische Polkas sind. \u201eEwig Blasmusik\u201c und die abschlie\u00dfenden \u201eGhostbusters\u201c werden gemeinsam von der Stadtkapelle mit der Jugendkapelle geboten. Dabei, so erkl\u00e4rt Dirigent Sch\u00f6pf, soll gezeigt werden, wie auch schon junge Musikerinnen und Musiker effektvoll mit dem Gro\u00dfen Blasorchester zusammenspielen k\u00f6nnen, womit bewiesen wird, dass Blasmusik die Generationen verbindet. Damit sollen auch Kinder und Jugendliche angesprochen werden, die sich vielleicht nach diesem Musikerlebnis daf\u00fcr interessieren, selbst in die Ausbildung bei der Stadtkapelle in Bl\u00e4serklasse, Vorstufe und Jugendkapelle einzusteigen, um nach wenigen Jahren selbst im Gro\u00dfen Orchester aufzutreten und damit sowohl mit dem Publikum als auch selbst Freude an der Blasmusik zu erleben. So bleibt nur, auf passendes Wetter zu hoffen, damit dieses Event am Sonntag, dem 19. Oktober, ab 15 Uhr planm\u00e4\u00dfig stattfinden kann, denn bei schlechtem Wetter m\u00fcsste das Ganze leider ersatzlos ausfallen.<\/p>\n\n\n\n<p>(wis)<\/p>\n","protected":false},"excerpt":{"rendered":"<p>Ein \u201efamilien- und kinderfreundliches Programm\u201c bietet die Stadtkapelle Illertissen mit einer &#8222;Serenade&#8220; am \u201eKirchweihsonntag\u201c, dem 19. Oktober, um 15 Uhr auf dem Schrannenplatz hinter dem Rathaus. Dirigent David Sch\u00f6pf und sein Orchester wollen damit pr\u00e4sentieren, dass sie f\u00fcr jede Altersgruppe Programm im Gep\u00e4ck haben und dass jegliche Stilrichtung f\u00fcr die Stadtkapelle kein Problem ist. Der [&hellip;]<\/p>\n","protected":false},"author":1,"featured_media":0,"comment_status":"open","ping_status":"open","sticky":false,"template":"","format":"standard","meta":{"site-sidebar-layout":"default","site-content-layout":"","ast-site-content-layout":"default","site-content-style":"default","site-sidebar-style":"default","ast-global-header-display":"","ast-banner-title-visibility":"","ast-main-header-display":"","ast-hfb-above-header-display":"","ast-hfb-below-header-display":"","ast-hfb-mobile-header-display":"","site-post-title":"","ast-breadcrumbs-content":"","ast-featured-img":"","footer-sml-layout":"","ast-disable-related-posts":"","theme-transparent-header-meta":"","adv-header-id-meta":"","stick-header-meta":"","header-above-stick-meta":"","header-main-stick-meta":"","header-below-stick-meta":"","astra-migrate-meta-layouts":"default","ast-page-background-enabled":"default","ast-page-background-meta":{"desktop":{"background-color":"var(--ast-global-color-5)","background-image":"","background-repeat":"repeat","background-position":"center center","background-size":"auto","background-attachment":"scroll","background-type":"","background-media":"","overlay-type":"","overlay-color":"","overlay-opacity":"","overlay-gradient":""},"tablet":{"background-color":"","background-image":"","background-repeat":"repeat","background-position":"center center","background-size":"auto","background-attachment":"scroll","background-type":"","background-media":"","overlay-type":"","overlay-color":"","overlay-opacity":"","overlay-gradient":""},"mobile":{"background-color":"","background-image":"","background-repeat":"repeat","background-position":"center center","background-size":"auto","background-attachment":"scroll","background-type":"","background-media":"","overlay-type":"","overlay-color":"","overlay-opacity":"","overlay-gradient":""}},"ast-content-background-meta":{"desktop":{"background-color":"var(--ast-global-color-4)","background-image":"","background-repeat":"repeat","background-position":"center center","background-size":"auto","background-attachment":"scroll","background-type":"","background-media":"","overlay-type":"","overlay-color":"","overlay-opacity":"","overlay-gradient":""},"tablet":{"background-color":"var(--ast-global-color-4)","background-image":"","background-repeat":"repeat","background-position":"center center","background-size":"auto","background-attachment":"scroll","background-type":"","background-media":"","overlay-type":"","overlay-color":"","overlay-opacity":"","overlay-gradient":""},"mobile":{"background-color":"var(--ast-global-color-4)","background-image":"","background-repeat":"repeat","background-position":"center center","background-size":"auto","background-attachment":"scroll","background-type":"","background-media":"","overlay-type":"","overlay-color":"","overlay-opacity":"","overlay-gradient":""}},"footnotes":""},"categories":[1],"tags":[],"class_list":["post-500","post","type-post","status-publish","format-standard","hentry","category-allgemein"],"_links":{"self":[{"href":"https:\/\/stadtkapelle-illertissen.de\/index.php?rest_route=\/wp\/v2\/posts\/500","targetHints":{"allow":["GET"]}}],"collection":[{"href":"https:\/\/stadtkapelle-illertissen.de\/index.php?rest_route=\/wp\/v2\/posts"}],"about":[{"href":"https:\/\/stadtkapelle-illertissen.de\/index.php?rest_route=\/wp\/v2\/types\/post"}],"author":[{"embeddable":true,"href":"https:\/\/stadtkapelle-illertissen.de\/index.php?rest_route=\/wp\/v2\/users\/1"}],"replies":[{"embeddable":true,"href":"https:\/\/stadtkapelle-illertissen.de\/index.php?rest_route=%2Fwp%2Fv2%2Fcomments&post=500"}],"version-history":[{"count":0,"href":"https:\/\/stadtkapelle-illertissen.de\/index.php?rest_route=\/wp\/v2\/posts\/500\/revisions"}],"wp:attachment":[{"href":"https:\/\/stadtkapelle-illertissen.de\/index.php?rest_route=%2Fwp%2Fv2%2Fmedia&parent=500"}],"wp:term":[{"taxonomy":"category","embeddable":true,"href":"https:\/\/stadtkapelle-illertissen.de\/index.php?rest_route=%2Fwp%2Fv2%2Fcategories&post=500"},{"taxonomy":"post_tag","embeddable":true,"href":"https:\/\/stadtkapelle-illertissen.de\/index.php?rest_route=%2Fwp%2Fv2%2Ftags&post=500"}],"curies":[{"name":"wp","href":"https:\/\/api.w.org\/{rel}","templated":true}]}}